{"id":11506,"date":"2022-12-14T15:41:38","date_gmt":"2022-12-14T14:41:38","guid":{"rendered":"http:\/\/spd-broegbern.de\/wp\/?p=11506"},"modified":"2022-12-14T15:41:38","modified_gmt":"2022-12-14T14:41:38","slug":"weihnachtsbeleuchtung-in-broegbern","status":"publish","type":"post","link":"http:\/\/spd-broegbern.de\/wp\/2022\/12\/14\/weihnachtsbeleuchtung-in-broegbern\/","title":{"rendered":"Weihnachtsbeleuchtung in Br\u00f6gbern"},"content":{"rendered":"<p><span style=\"font-family: arial, helvetica, sans-serif; font-size: 14pt;\"><a href=\"http:\/\/spd-broegbern.de\/wp\/wp-content\/uploads\/weihnachtsbeleuchtung-in-broegbern-scaled.jpg\"><img loading=\"lazy\" decoding=\"async\" class=\"alignleft wp-image-11507 size-medium\" src=\"http:\/\/spd-broegbern.de\/wp\/wp-content\/uploads\/weihnachtsbeleuchtung-in-broegbern-169x300.jpg\" alt=\"\" width=\"169\" height=\"300\" srcset=\"http:\/\/spd-broegbern.de\/wp\/wp-content\/uploads\/weihnachtsbeleuchtung-in-broegbern-169x300.jpg 169w, http:\/\/spd-broegbern.de\/wp\/wp-content\/uploads\/weihnachtsbeleuchtung-in-broegbern-576x1024.jpg 576w, http:\/\/spd-broegbern.de\/wp\/wp-content\/uploads\/weihnachtsbeleuchtung-in-broegbern-768x1365.jpg 768w, http:\/\/spd-broegbern.de\/wp\/wp-content\/uploads\/weihnachtsbeleuchtung-in-broegbern-864x1536.jpg 864w, http:\/\/spd-broegbern.de\/wp\/wp-content\/uploads\/weihnachtsbeleuchtung-in-broegbern-1152x2048.jpg 1152w, http:\/\/spd-broegbern.de\/wp\/wp-content\/uploads\/weihnachtsbeleuchtung-in-broegbern-scaled.jpg 1440w\" sizes=\"auto, (max-width: 169px) 100vw, 169px\" \/><\/a>Nach vielen Jahren gibt es wieder Weihnachts-beleuchtung in Br\u00f6gbern. Der Ortsrat hat am Anfang des Jahres beschlossen zu Weihnachten in Br\u00f6gbern Licht in die dunkele Vorweihnachtszeit zu bringen. Die leuchtenden Sterne und der Tannenbaum vor der Ortsverwaltung sind der erste Schritt um in den n\u00e4chsten Jahren die Weihnachtsbeleuchtung noch auszubauen. Jetzt da Sterne schon 14 Tage leuchten gibt es viele R\u00fcckmeldungen von B\u00fcrgern die sich freuen \u00fcber die Beleuchtung. Ob die gleichen Sterne oder noch andere Motive die Stra\u00dfen beleuchten werden entscheidet der Ortsrat im Fr\u00fchjahr 2023. Sicher ist auch Energie sparen angesagt, aber durch die neue LED-Technik h\u00e4lt sich der Verbrauch niedrig. Das Strahlen und Erhellen der Dunkelheit stimmt einen auf Weihnachten ein f\u00fcr viele gute Begegnungen mit Familie und Freunden.<\/span><\/p>\n<iframe src=\"http:\/\/www.facebook.com\/plugins\/like.php?href=http%3A%2F%2Fspd-broegbern.de%2Fwp%2F2022%2F12%2F14%2Fweihnachtsbeleuchtung-in-broegbern%2F&amp;layout=button_count&amp;&amp;width=450&amp;action=like&amp;colorscheme=light\" scrolling=\"no\" frameborder=\"0\" allowTransparency=\"true\" style=\"border:none; overflow:hidden; width:450px;float: left; margin-top: 10px;\"><\/iframe>","protected":false},"excerpt":{"rendered":"<p>Nach vielen Jahren gibt es wieder Weihnachts-beleuchtung in Br\u00f6gbern. Der Ortsrat hat am Anfang des Jahres beschlossen zu Weihnachten in Br\u00f6gbern Licht in die dunkele Vorweihnachtszeit zu bringen. Die leuchtenden [&hellip;]<\/p>\n","protected":false},"author":8,"featured_media":0,"comment_status":"closed","ping_status":"closed","sticky":false,"template":"","format":"standard","meta":{"footnotes":""},"categories":[62],"tags":[],"class_list":["post-11506","post","type-post","status-publish","format-standard","hentry","category-bilder"],"aioseo_notices":[],"publishpress_future_action":{"enabled":false,"date":"2026-05-04 18:14:10","action":"change-status","newStatus":"draft","terms":[],"taxonomy":"category"},"publishpress_future_workflow_manual_trigger":{"enabledWorkflows":[]},"_links":{"self":[{"href":"http:\/\/spd-broegbern.de\/wp\/wp-json\/wp\/v2\/posts\/11506","targetHints":{"allow":["GET"]}}],"collection":[{"href":"http:\/\/spd-broegbern.de\/wp\/wp-json\/wp\/v2\/posts"}],"about":[{"href":"http:\/\/spd-broegbern.de\/wp\/wp-json\/wp\/v2\/types\/post"}],"author":[{"embeddable":true,"href":"http:\/\/spd-broegbern.de\/wp\/wp-json\/wp\/v2\/users\/8"}],"replies":[{"embeddable":true,"href":"http:\/\/spd-broegbern.de\/wp\/wp-json\/wp\/v2\/comments?post=11506"}],"version-history":[{"count":2,"href":"http:\/\/spd-broegbern.de\/wp\/wp-json\/wp\/v2\/posts\/11506\/revisions"}],"predecessor-version":[{"id":11509,"href":"http:\/\/spd-broegbern.de\/wp\/wp-json\/wp\/v2\/posts\/11506\/revisions\/11509"}],"wp:attachment":[{"href":"http:\/\/spd-broegbern.de\/wp\/wp-json\/wp\/v2\/media?parent=11506"}],"wp:term":[{"taxonomy":"category","embeddable":true,"href":"http:\/\/spd-broegbern.de\/wp\/wp-json\/wp\/v2\/categories?post=11506"},{"taxonomy":"post_tag","embeddable":true,"href":"http:\/\/spd-broegbern.de\/wp\/wp-json\/wp\/v2\/tags?post=11506"}],"curies":[{"name":"wp","href":"https:\/\/api.w.org\/{rel}","templated":true}]}}