{"id":12451,"date":"2025-05-05T15:03:04","date_gmt":"2025-05-05T13:03:04","guid":{"rendered":"http:\/\/spd-broegbern.de\/wp\/?p=12451"},"modified":"2025-05-05T15:03:04","modified_gmt":"2025-05-05T13:03:04","slug":"rolle-rueckwaerts-darum-finanziert-altenlingen-den-lili-bus-doch-weiter","status":"publish","type":"post","link":"http:\/\/spd-broegbern.de\/wp\/2025\/05\/05\/rolle-rueckwaerts-darum-finanziert-altenlingen-den-lili-bus-doch-weiter\/","title":{"rendered":"Rolle r\u00fcckw\u00e4rts: Darum finanziert Altenlingen den Lili-Bus doch weiter"},"content":{"rendered":"<div id=\"attachment_5214\" style=\"width: 290px\" class=\"wp-caption alignleft\"><a href=\"http:\/\/spd-broegbern.de\/wp\/wp-content\/uploads\/lilibus_1.jpg\"><img loading=\"lazy\" decoding=\"async\" aria-describedby=\"caption-attachment-5214\" class=\"wp-image-5214\" src=\"http:\/\/spd-broegbern.de\/wp\/wp-content\/uploads\/lilibus_1-300x186.jpg\" alt=\"\" width=\"280\" height=\"174\" srcset=\"http:\/\/spd-broegbern.de\/wp\/wp-content\/uploads\/lilibus_1-300x186.jpg 300w, http:\/\/spd-broegbern.de\/wp\/wp-content\/uploads\/lilibus_1.jpg 575w\" sizes=\"auto, (max-width: 280px) 100vw, 280px\" \/><\/a><p id=\"caption-attachment-5214\" class=\"wp-caption-text\">Foto: SPD-Br\u00f6gbern<\/p><\/div>\n<p><span style=\"font-family: arial, helvetica, sans-serif; font-size: 14pt;\">Bericht der Lingener Tagespost vom 26.04.2025 von Julia Mausch: Im Februar 2025 hat der Ortsrat Altenlingen entschieden, den Lingener Stadtbus nicht mehr weiter mitzufinanzieren. Nun wurde die Entscheidung zur\u00fcckgenommen. Die Gr\u00fcnde.: \u201eUnsolidarisch und inakzeptabel\u201c, so bezeichnete die SPD Lingen Anfang des Jahres die Entscheidung des Ortsrats Altenlingen, den Lingener Stadtbus nicht mehr weiter mitzufinanzieren. <a class=\"link underline-blue\" title=\"Altenlingen verabschiedet sich aus der Lili-Bus-Finanzierung \u2013 SPD kritisiert Ortsrat scharf\" href=\"https:\/\/www.noz.de\/lokales\/lingen\/artikel\/unsolidarisch-ortsrat-altenlingen-finanziert-lili-bus-nicht-mehr-48495364\" target=\"_self\" rel=\"noopener\">Beschlossen wurde dies mehrheitlich in einer Ortsratssitzung im Februar.<\/a> Die SPD-Ratsfraktion, allen voran Fraktionsvorsitzender Andreas Kr\u00f6ger, stellte daraufhin einen Antrag, um Ma\u00dfnahmen gegen diese Entscheidung zu ergreifen. Beraten werden sollte dieser in der Ratssitzung am 24. April \u2013 doch das ist hinf\u00e4llig geworden. Der Ortsrat hat seine Meinung ge\u00e4ndert.\u00a0<\/span><\/p>\n<p class=\"\"><span style=\"font-family: arial, helvetica, sans-serif; font-size: 14pt;\">Mitte Februar 2025 war die Meinung noch deutlich. Mit sechs Ja-Stimmen (CDU und B\u00fcndnis 90\/Die Gr\u00fcnen) und einer Nein-Stimme (B\u00fcrgernahe) wurde mehrheitlich beschlossen, dass der Lili-Stadtbusverkehr im Jahr 2025 nicht mehr aus Altenlingener Ortsratsmitteln mitfinanziert wird. Die SPD war bei der Sitzung nicht zugegen. \u201eDie Finanzierung des \u00f6ffentlichen Personennahverkehrs in Lingen ist nicht Aufgabe der Ortsr\u00e4te, sondern der Stadt Lingen sowie des Landkreis Emsland\u201c, nannte Ortsb\u00fcrgermeister J\u00f6rg Rieken (CDU) einen Grund f\u00fcr die Entscheidung. Zudem seien W\u00fcnsche, wie etwa den Ortsteil Wachendorf an das Busnetz anzuschlie\u00dfen, in der Vergangenheit nicht ber\u00fccksichtigt worden.<\/span><!--more--><\/p>\n<p class=\"\"><span style=\"font-family: arial, helvetica, sans-serif; font-size: 14pt;\">Die Entscheidung des Ortsrats Altenlingen hatte f\u00fcr Aufruhr und offenbar f\u00fcr Gespr\u00e4chsbedarf gesorgt. Laut Rieken hat in den vergangenen Wochen ein Austausch unter den Ortsb\u00fcrgermeistern und der Stadtverwaltung stattgefunden. Das Ergebnis: \u201eDie derzeitigen Linien sollen evaluiert und auf m\u00f6gliche Verbesserungen gepr\u00fcft werden.\u201c<\/span><\/p>\n<p class=\"\"><span style=\"font-family: arial, helvetica, sans-serif; font-size: 14pt;\">Wird der Ortsteil Wachendorf also k\u00fcnftig an das Lili-Bus-Netz angeschlossen? Rieken: \u201eKonkrete Ma\u00dfnahmen oder Zusagen gab es nicht.\u201c Laut seiner Aussage wurde aber den Ortsr\u00e4ten zugesichert, k\u00fcnftig bei \u00c4nderungen, Einrichtung oder Sanierung von Haltestellen mit einbezogen und beteiligt zu werden.\u00a0<\/span><span style=\"font-family: arial, helvetica, sans-serif; font-size: 14pt;\">Zugest\u00e4ndnisse, die den Ortsrat Altenlingen nun dazu geleitet haben, den Beschluss vom 20. Februar 2025 auszusetzen. SPD-Mann Kr\u00f6ger ist zufrieden: \u201eEs ist dem Ortsrat hoch anzurechnen, dass er die Entscheidung, den Lili-Bus nicht mehr weiter mitzufinanzieren, zur\u00fcckgenommen hat.\u201c Doch Rieken betont, dass im Herbst dieses Jahres neu \u00fcber die finanzielle Unterst\u00fctzung des Bussystems zu entscheiden ist. Es werde dann keine Anschubfinanzierung sein. \u201eNach zw\u00f6lf Jahren kann man nicht mehr von Anschub sprechen.\u201c Er gehe davon aus, dass es dann eine positive Entscheidung geben wird.<\/span><\/p>\n<p>&nbsp;<\/p>\n<iframe src=\"http:\/\/www.facebook.com\/plugins\/like.php?href=http%3A%2F%2Fspd-broegbern.de%2Fwp%2F2025%2F05%2F05%2Frolle-rueckwaerts-darum-finanziert-altenlingen-den-lili-bus-doch-weiter%2F&amp;layout=button_count&amp;&amp;width=450&amp;action=like&amp;colorscheme=light\" scrolling=\"no\" frameborder=\"0\" allowTransparency=\"true\" style=\"border:none; overflow:hidden; width:450px;float: left; margin-top: 10px;\"><\/iframe>","protected":false},"excerpt":{"rendered":"<p>Bericht der Lingener Tagespost vom 26.04.2025 von Julia Mausch: Im Februar 2025 hat der Ortsrat Altenlingen entschieden, den Lingener Stadtbus nicht mehr weiter mitzufinanzieren. Nun wurde die Entscheidung zur\u00fcckgenommen. Die [&hellip;]<\/p>\n","protected":false},"author":8,"featured_media":0,"comment_status":"closed","ping_status":"closed","sticky":false,"template":"","format":"standard","meta":{"footnotes":""},"categories":[62],"tags":[],"class_list":["post-12451","post","type-post","status-publish","format-standard","hentry","category-bilder"],"aioseo_notices":[],"publishpress_future_action":{"enabled":false,"date":"2026-05-09 01:52:43","action":"change-status","newStatus":"draft","terms":[],"taxonomy":"category"},"publishpress_future_workflow_manual_trigger":{"enabledWorkflows":[]},"_links":{"self":[{"href":"http:\/\/spd-broegbern.de\/wp\/wp-json\/wp\/v2\/posts\/12451","targetHints":{"allow":["GET"]}}],"collection":[{"href":"http:\/\/spd-broegbern.de\/wp\/wp-json\/wp\/v2\/posts"}],"about":[{"href":"http:\/\/spd-broegbern.de\/wp\/wp-json\/wp\/v2\/types\/post"}],"author":[{"embeddable":true,"href":"http:\/\/spd-broegbern.de\/wp\/wp-json\/wp\/v2\/users\/8"}],"replies":[{"embeddable":true,"href":"http:\/\/spd-broegbern.de\/wp\/wp-json\/wp\/v2\/comments?post=12451"}],"version-history":[{"count":4,"href":"http:\/\/spd-broegbern.de\/wp\/wp-json\/wp\/v2\/posts\/12451\/revisions"}],"predecessor-version":[{"id":12455,"href":"http:\/\/spd-broegbern.de\/wp\/wp-json\/wp\/v2\/posts\/12451\/revisions\/12455"}],"wp:attachment":[{"href":"http:\/\/spd-broegbern.de\/wp\/wp-json\/wp\/v2\/media?parent=12451"}],"wp:term":[{"taxonomy":"category","embeddable":true,"href":"http:\/\/spd-broegbern.de\/wp\/wp-json\/wp\/v2\/categories?post=12451"},{"taxonomy":"post_tag","embeddable":true,"href":"http:\/\/spd-broegbern.de\/wp\/wp-json\/wp\/v2\/tags?post=12451"}],"curies":[{"name":"wp","href":"https:\/\/api.w.org\/{rel}","templated":true}]}}